{"id":805,"date":"2023-04-13T23:25:00","date_gmt":"2023-04-13T23:25:00","guid":{"rendered":"https:\/\/www.auxiliarte24hs.com.ar\/?p=805"},"modified":"2023-04-13T23:26:16","modified_gmt":"2023-04-13T23:26:16","slug":"fecacera-solicita-al-gobierno-un-tipo-de-cambio-unico-y-competitivo-para-todos-los-sectores-de-la-industria","status":"publish","type":"post","link":"https:\/\/www.auxiliarte24hs.com.ar\/index.php\/2023\/04\/13\/fecacera-solicita-al-gobierno-un-tipo-de-cambio-unico-y-competitivo-para-todos-los-sectores-de-la-industria\/","title":{"rendered":"Fecacera solicita al Gobierno un tipo de cambio \u00fanico y competitivo para todos los sectores de la industria"},"content":{"rendered":"\n<figure class=\"wp-block-image size-full is-resized\"><img fetchpriority=\"high\" decoding=\"async\" src=\"https:\/\/www.auxiliarte24hs.com.ar\/wp-content\/uploads\/2023\/04\/descarga-3.jpg\" alt=\"\" class=\"wp-image-816\" width=\"640\" height=\"480\" srcset=\"https:\/\/www.auxiliarte24hs.com.ar\/wp-content\/uploads\/2023\/04\/descarga-3.jpg 640w, https:\/\/www.auxiliarte24hs.com.ar\/wp-content\/uploads\/2023\/04\/descarga-3-300x225.jpg 300w\" sizes=\"(max-width: 640px) 100vw, 640px\" \/><figcaption class=\"wp-element-caption\"><br><\/figcaption><\/figure>\n\n\n\n<p>La\u00a0<a href=\"https:\/\/fecacera.com.ar\/\">Federaci\u00f3n de C\u00e1maras de Comercio Exterior de la Rep\u00fablica Argentina\u00a0<\/a>(Fecacera) pidi\u00f3 al Gobierno nacional que el\u00a0<strong>tipo de cambio especial<\/strong>\u00a0recientemente anunciado, mediante el Decreto 194\/23, fuera accesible para todos los exportadores, no s\u00f3lo para algunos sectores.<br>En un comunicado difundido este martes (11.03.2023), la organizaci\u00f3n de empresas exportadoras de los diferentes sectores productivos\u00a0<strong>-industriales y de servicios<\/strong>\u2013 y de\u00a0<strong>todas las regiones del pa\u00eds<\/strong>, explica que \u201cArgentina debe contar con un programa econ\u00f3mico integral de largo plazo que apunte -entre otras variables- a alcanzar un tipo de cambio \u00fanico, lo m\u00e1s estable posible, que promueva la confianza, atraiga inversiones y el desarrollo de los mercados internacionales\u201d.<br>Y m\u00e1s adelante agrega: \u201cLa exportaci\u00f3n es una actividad que se planifica y consolida a largo plazo, por lo que tener un tipo de cambio durante un tiempo breve, aunque sea m\u00e1s competitivo, no brinda las condiciones necesarias para poder acceder a nuevos mercados de exportaci\u00f3n, hecho que se constituye en una necesidad imperiosa a la hora de resolver los problemas estructurales de nuestra econom\u00eda\u201d.<br>Seg\u00fan el comunicado, Fecacera comprende \u201cel motivo de las medidas tomadas\u201d, que est\u00e1n en l\u00ednea con la coyuntura econ\u00f3mica y la necesidad de incrementar r\u00e1pidamente el ingreso de divisas al pa\u00eds. Y conoce \u201clas dificultades de muchas empresas para abastecerse de insumos importados, como as\u00ed tambi\u00e9n la preocupaci\u00f3n del Gobierno por el flujo saliente de divisas\u201d.<br>Por ese motivo, la entidad sostiene que \u201cesta medida se podr\u00eda extender para la importaci\u00f3n de determinados productos (precios inel\u00e1sticos a la variaci\u00f3n de costos)\u201d.<br>\u201cEsto \u00faltimo aportar\u00eda al financiamiento del Estado y tambi\u00e9n a dinamizar varios sectores econ\u00f3micos y contener la inflaci\u00f3n.\u201d, dice antes de reflexionar que, de esa manera, \u201cse regular\u00eda de forma m\u00e1s autom\u00e1tica el volumen de compras al exterior, evitando los esfuerzos y el desgaste que implican las actuales restricciones e intervenciones\u201d.<\/p>\n\n\n\n<p><\/p>\n\n\n\n<p class=\"has-vivid-cyan-blue-color has-text-color\">#comerciointernacional #comercionacional #exportaciones #importaciones #negociosinternacionales #oportunidadesdenegocio #economianacional #mercadosglobales #cadenadesuministro #logisticainternacional #comercioexterior #inversiones #emprendedores #crecimientoeconomico #comerciojusto #librecomercio #politicacomercial #acuerdoscomerciales #comercializacion #innovacionempresarial #exporta\u00e7\u00f5es #importa\u00e7\u00f5es #neg\u00f3ciosinternacionais #oportunidadesdeneg\u00f3cios #economianacional #mercadosglobais #cadeiadesuprimentos #logisticainternacional #investimentos #empreendedores #crescimentoecon\u00f4mico #comerciojusto #livrecom\u00e9rcio #politicacomercial #acordoscomerciais #comercializa\u00e7\u00e3o #inova\u00e7\u00e3oempresarial #internationaltrade #nationaltrade #exports #imports #internationalbusiness #businessopportunities #domesticeconomy #globalmarkets #supplychain #internationallogistics #foreigntrade #investments #entrepreneurs #economicgrowth #fairtrade #freetrade #tradepolicy #tradedeals #commercialization #businessinnovation<\/p>\n\n\n\n<blockquote class=\"wp-block-quote is-layout-flow wp-block-quote-is-layout-flow\">\n<p><\/p>\n<cite>https:\/\/aduananews.com\/fecacera-solicita-al-gobierno-un-tipo-de-cambio-unico-y-competitivo-para-todos-los-sectores\/<\/cite><\/blockquote>\n","protected":false},"excerpt":{"rendered":"<p>La\u00a0Federaci\u00f3n de C\u00e1maras de Comercio Exterior de la Rep\u00fablica Argentina\u00a0(Fecacera) pidi\u00f3 al Gobierno nacional que el\u00a0tipo de cambio especial\u00a0recientemente anunciado, mediante el Decreto 194\/23, fuera accesible para todos los exportadores, no s\u00f3lo para algunos sectores.En un comunicado difundido este martes (11.03.2023), la organizaci\u00f3n de empresas exportadoras de los diferentes sectores productivos\u00a0-industriales y de servicios\u2013 y&hellip;<\/p>\n","protected":false},"author":2,"featured_media":0,"comment_status":"open","ping_status":"open","sticky":false,"template":"","format":"standard","meta":{"sfsi_plus_gutenberg_text_before_share":"","sfsi_plus_gutenberg_show_text_before_share":"","sfsi_plus_gutenberg_icon_type":"","sfsi_plus_gutenberg_icon_alignemt":"","sfsi_plus_gutenburg_max_per_row":"","footnotes":""},"categories":[5],"tags":[],"class_list":["post-805","post","type-post","status-publish","format-standard","hentry","category-ilg"],"_links":{"self":[{"href":"https:\/\/www.auxiliarte24hs.com.ar\/index.php\/wp-json\/wp\/v2\/posts\/805","targetHints":{"allow":["GET"]}}],"collection":[{"href":"https:\/\/www.auxiliarte24hs.com.ar\/index.php\/wp-json\/wp\/v2\/posts"}],"about":[{"href":"https:\/\/www.auxiliarte24hs.com.ar\/index.php\/wp-json\/wp\/v2\/types\/post"}],"author":[{"embeddable":true,"href":"https:\/\/www.auxiliarte24hs.com.ar\/index.php\/wp-json\/wp\/v2\/users\/2"}],"replies":[{"embeddable":true,"href":"https:\/\/www.auxiliarte24hs.com.ar\/index.php\/wp-json\/wp\/v2\/comments?post=805"}],"version-history":[{"count":2,"href":"https:\/\/www.auxiliarte24hs.com.ar\/index.php\/wp-json\/wp\/v2\/posts\/805\/revisions"}],"predecessor-version":[{"id":827,"href":"https:\/\/www.auxiliarte24hs.com.ar\/index.php\/wp-json\/wp\/v2\/posts\/805\/revisions\/827"}],"wp:attachment":[{"href":"https:\/\/www.auxiliarte24hs.com.ar\/index.php\/wp-json\/wp\/v2\/media?parent=805"}],"wp:term":[{"taxonomy":"category","embeddable":true,"href":"https:\/\/www.auxiliarte24hs.com.ar\/index.php\/wp-json\/wp\/v2\/categories?post=805"},{"taxonomy":"post_tag","embeddable":true,"href":"https:\/\/www.auxiliarte24hs.com.ar\/index.php\/wp-json\/wp\/v2\/tags?post=805"}],"curies":[{"name":"wp","href":"https:\/\/api.w.org\/{rel}","templated":true}]}}