{"id":929,"date":"2023-05-03T12:43:08","date_gmt":"2023-05-03T12:43:08","guid":{"rendered":"https:\/\/www.auxiliarte24hs.com.ar\/?p=929"},"modified":"2023-05-03T12:43:09","modified_gmt":"2023-05-03T12:43:09","slug":"el-gobierno-agrega-productos-al-listado-del-programa-de-incremento-exportador-para-economias-regionales","status":"publish","type":"post","link":"https:\/\/www.auxiliarte24hs.com.ar\/index.php\/2023\/05\/03\/el-gobierno-agrega-productos-al-listado-del-programa-de-incremento-exportador-para-economias-regionales\/","title":{"rendered":"El Gobierno agrega productos al listado del Programa de incremento exportador para econom\u00edas regionales"},"content":{"rendered":"\n<figure class=\"wp-block-gallery has-nested-images columns-default is-cropped wp-block-gallery-1 is-layout-flex wp-block-gallery-is-layout-flex\">\n<figure class=\"wp-block-image size-large\"><img fetchpriority=\"high\" decoding=\"async\" width=\"696\" height=\"392\" data-id=\"930\" src=\"https:\/\/www.auxiliarte24hs.com.ar\/wp-content\/uploads\/2023\/05\/Economias_Regionales-696x392-1.jpg\" alt=\"\" class=\"wp-image-930\" srcset=\"https:\/\/www.auxiliarte24hs.com.ar\/wp-content\/uploads\/2023\/05\/Economias_Regionales-696x392-1.jpg 696w, https:\/\/www.auxiliarte24hs.com.ar\/wp-content\/uploads\/2023\/05\/Economias_Regionales-696x392-1-300x169.jpg 300w\" sizes=\"(max-width: 696px) 100vw, 696px\" \/><\/figure>\n<\/figure>\n\n\n\n<p>La Secretar\u00eda de Agricultura, Ganader\u00eda y Pesca sum\u00f3 este martes (02.04.2023)&nbsp;<strong>nuevos productos<\/strong>&nbsp;a la tercera edici\u00f3n del Programa de Incremento Exportador para<strong>&nbsp;incentivar la liquidaci\u00f3n de divisas extranjeras<\/strong>, mediante la&nbsp;<a href=\"https:\/\/www.boletinoficial.gob.ar\/detalleAviso\/primera\/285530\/20230502\">Resoluci\u00f3n 162\/2023.<\/a><\/p>\n\n\n\n<p>Ahora, productos como la<strong>&nbsp;yerba mate y la carne de animales de la especie caprina<\/strong>&nbsp;tambi\u00e9n podr\u00e1n acceder al<strong>&nbsp;d\u00f3lar a $ 300&nbsp;<\/strong>para la liquidaci\u00f3n de divisas de exportaciones realizadas hasta el 31 de octubre, seg\u00fan la normativa publicada en el Bolet\u00edn Oficial..<\/p>\n\n\n\n<p>El texto oficial destac\u00f3 que \u201ca trav\u00e9s de estos programas de est\u00edmulo, se busca promover el arraigo territorial, el agregado de valor, la industrializaci\u00f3n en origen y el incremento de las exportaciones a trav\u00e9s del desarrollo socioecon\u00f3mico arm\u00f3nico, entre los distintos eslabones de las cadenas de valor de las econom\u00edas regionales\u201d.<\/p>\n\n\n\n<div data-wp-interactive=\"core\/file\" class=\"wp-block-file\"><object data-wp-bind--hidden=\"!state.hasPdfPreview\" hidden class=\"wp-block-file__embed\" data=\"https:\/\/www.auxiliarte24hs.com.ar\/wp-content\/uploads\/2023\/05\/642222366-anexo-6856414-1.pdf\" type=\"application\/pdf\" style=\"width:100%;height:600px\" aria-label=\"Incrustado de 642222366-anexo-6856414-1.\"><\/object><a id=\"wp-block-file--media-357b273d-bfb1-4832-a253-28362bec24e8\" href=\"https:\/\/www.auxiliarte24hs.com.ar\/wp-content\/uploads\/2023\/05\/642222366-anexo-6856414-1.pdf\">642222366-anexo-6856414-1<\/a><a href=\"https:\/\/www.auxiliarte24hs.com.ar\/wp-content\/uploads\/2023\/05\/642222366-anexo-6856414-1.pdf\" class=\"wp-block-file__button wp-element-button\" download aria-describedby=\"wp-block-file--media-357b273d-bfb1-4832-a253-28362bec24e8\">Download<\/a><\/div>\n\n\n\n<p>Asimismo subray\u00f3 que son \u201cespecialmente relevantes en la determinaci\u00f3n de los alcances de la presente medida la heterogeneidad en la productividad, la inserci\u00f3n en el mundo y la matriz productiva de las distintas cadenas\u201d.<\/p>\n\n\n\n<p>Los requisitos para todos los productos de las econom\u00edas regionales que deben cumplir los interesados en acceder a los beneficios del programa son haber exportado las mercader\u00edas en alg\u00fan momento de los 18 meses inmediatos anteriores a la entrada en vigencia del Decreto 194\/2023, as\u00ed como asumir el compromiso de mantener o incrementar la cantidad de puestos de trabajo.<\/p>\n\n\n\n<p>Tambi\u00e9n deben comprometerse a abastecer el mercado local con esas mercader\u00edas, debiendo mantener o incrementar los vol\u00famenes de abastecimiento que registrara en los 18 meses anteriores a la vigencia del referido decreto.<\/p>\n\n\n\n<p>Por \u00faltimo, tendr\u00e1n que cumplir con el programa Precios Justos o los acuerdos de precios para el mercado local que al respecto establezca la Secretar\u00eda de Comercio.<\/p>\n\n\n\n<p>La vigencia de la medida es inmediata.<\/p>\n\n\n\n<p class=\"has-vivid-cyan-blue-color has-text-color\">#comerciointernacional #comercionacional #exportaciones #importaciones #negociosinternacionales #oportunidadesdenegocio #economianacional #mercadosglobales #cadenadesuministro#logisticainternacional #comercioexterior #inversiones #emprendedores #crecimientoeconomico #comerciojusto #librecomercio #politicacomercial #acuerdoscomerciales #comercializacion #innovacionempresarial #exporta\u00e7\u00f5es #importa\u00e7\u00f5es #neg\u00f3ciosinternacionais #oportunidadesdeneg\u00f3cios #economianacional #mercadosglobais #cadeiadesuprimentos #logisticainternacional #investimentos #empreendedores #crescimentoecon\u00f4mico #comerciojusto #livrecom\u00e9rcio #politicacomercial #acordoscomerciais #comercializa\u00e7\u00e3o #inova\u00e7\u00e3oempresarial #internationaltrade #nationaltrade #exports #imports #internationalbusiness #businessopportunities #domesticeconomy #globalmarkets #supplychain #internationallogistics #foreigntrade #investments #entrepreneurs #economicgrowth #fairtrade #freetrade #tradepolicy #tradedeals #commercialization #businessinnovation<\/p>\n\n\n\n<blockquote class=\"wp-block-quote is-layout-flow wp-block-quote-is-layout-flow\">\n<p><\/p>\n<cite>https:\/\/aduananews.com\/agricultura-actualiza-el-listado-del-programa-de-incremento-exportador-para-economias-regionales\/<\/cite><\/blockquote>\n","protected":false},"excerpt":{"rendered":"<p>La Secretar\u00eda de Agricultura, Ganader\u00eda y Pesca sum\u00f3 este martes (02.04.2023)&nbsp;nuevos productos&nbsp;a la tercera edici\u00f3n del Programa de Incremento Exportador para&nbsp;incentivar la liquidaci\u00f3n de divisas extranjeras, mediante la&nbsp;Resoluci\u00f3n 162\/2023. Ahora, productos como la&nbsp;yerba mate y la carne de animales de la especie caprina&nbsp;tambi\u00e9n podr\u00e1n acceder al&nbsp;d\u00f3lar a $ 300&nbsp;para la liquidaci\u00f3n de divisas de exportaciones&hellip;<\/p>\n","protected":false},"author":2,"featured_media":0,"comment_status":"open","ping_status":"open","sticky":false,"template":"","format":"standard","meta":{"sfsi_plus_gutenberg_text_before_share":"","sfsi_plus_gutenberg_show_text_before_share":"","sfsi_plus_gutenberg_icon_type":"","sfsi_plus_gutenberg_icon_alignemt":"","sfsi_plus_gutenburg_max_per_row":"","footnotes":""},"categories":[5],"tags":[],"class_list":["post-929","post","type-post","status-publish","format-standard","hentry","category-ilg"],"_links":{"self":[{"href":"https:\/\/www.auxiliarte24hs.com.ar\/index.php\/wp-json\/wp\/v2\/posts\/929","targetHints":{"allow":["GET"]}}],"collection":[{"href":"https:\/\/www.auxiliarte24hs.com.ar\/index.php\/wp-json\/wp\/v2\/posts"}],"about":[{"href":"https:\/\/www.auxiliarte24hs.com.ar\/index.php\/wp-json\/wp\/v2\/types\/post"}],"author":[{"embeddable":true,"href":"https:\/\/www.auxiliarte24hs.com.ar\/index.php\/wp-json\/wp\/v2\/users\/2"}],"replies":[{"embeddable":true,"href":"https:\/\/www.auxiliarte24hs.com.ar\/index.php\/wp-json\/wp\/v2\/comments?post=929"}],"version-history":[{"count":1,"href":"https:\/\/www.auxiliarte24hs.com.ar\/index.php\/wp-json\/wp\/v2\/posts\/929\/revisions"}],"predecessor-version":[{"id":932,"href":"https:\/\/www.auxiliarte24hs.com.ar\/index.php\/wp-json\/wp\/v2\/posts\/929\/revisions\/932"}],"wp:attachment":[{"href":"https:\/\/www.auxiliarte24hs.com.ar\/index.php\/wp-json\/wp\/v2\/media?parent=929"}],"wp:term":[{"taxonomy":"category","embeddable":true,"href":"https:\/\/www.auxiliarte24hs.com.ar\/index.php\/wp-json\/wp\/v2\/categories?post=929"},{"taxonomy":"post_tag","embeddable":true,"href":"https:\/\/www.auxiliarte24hs.com.ar\/index.php\/wp-json\/wp\/v2\/tags?post=929"}],"curies":[{"name":"wp","href":"https:\/\/api.w.org\/{rel}","templated":true}]}}